{"id":418,"date":"2021-02-21T22:34:00","date_gmt":"2021-02-21T21:34:00","guid":{"rendered":"https:\/\/www.kulturmolnet.se\/play\/?p=418"},"modified":"2025-09-20T22:45:10","modified_gmt":"2025-09-20T20:45:10","slug":"akademierna-och-musiken-1-kungl-musikaliska-akademien-och-musikens-skilda-omraden","status":"publish","type":"post","link":"https:\/\/www.kulturmolnet.se\/play\/akademierna-och-musiken-1-kungl-musikaliska-akademien-och-musikens-skilda-omraden\/","title":{"rendered":"Akademierna och musiken #1 &#8211; &#8221;Kungl. Musikaliska Akademien och musikens skilda omr\u00e5den&#8221;"},"content":{"rendered":"<p>\u201cAkademierna och musiken\u201d \u00e4r en seminarieserie som p\u00e5g\u00e5r under hela 2021, varje m\u00e5nad med start i februari uppm\u00e4rksammar en akademi Kungl. Musikaliska Akademiens 250-\u00e5rsjubileum med ett seminarium som p\u00e5 ett eller annat s\u00e4tt ber\u00f6r musiken.<\/p>\n<p>Kungl. Musikaliska Akademien inleder serien den 20 februari med ett seminarium p\u00e5 temat &#8221;Kungl. Musikaliska Akademien och musikens skilda omr\u00e5den&#8221;<\/p>\n<p>Seminariet lives\u00e4nds direkt fr\u00e5n B\u00f6rssalen i Stockholm mellan kl. 15.00 &#8211; 16.30. Lives\u00e4ndningen kommer g\u00e5 att se h\u00e4r p\u00e5 Facebook, p\u00e5 Kungl. Musikaliska Akademiens Youtube och hemsida (www.musikaliskaakademien.se).<\/p>\n<p>Seminariet bjuder p\u00e5 b\u00e5de musikinslag och intressanta samtal som ifr\u00e5gas\u00e4tter en anrik institutions historiska roll och inverkan, liksom akademiens relevans och roll idag.<\/p>\n<p>Medverkande:<\/p>\n<p>    Mattias Lundberg, prof. vid Institutionen f\u00f6r musikvetenskap vid Uppsala universitet<br \/>\n    M\u00e4rta Ramsten, docent<br \/>\n    Lisa Grotherus, klarinettist<br \/>\n    Magnus Svensson, pianist<\/p>\n<p>Moderatorer:<\/p>\n<p>    Susanne Ryd\u00e9n, preses Kungl. Musikaliska Akademien<br \/>\n    Fredrik Wetterqvist, st\u00e4ndig sekreterare Kungl. Musikaliska Akademien<\/p>\n<p>Ljud- och bildproduktion: Kulturmolnet<\/p>\n","protected":false},"excerpt":{"rendered":"<p>\u201cAkademierna och musiken\u201d \u00e4r en seminarieserie som p\u00e5g\u00e5r under hela 2021, varje m\u00e5nad med start i februari uppm\u00e4rksammar en akademi Kungl. Musikaliska Akademiens 250-\u00e5rsjubileum med ett seminarium som p\u00e5 ett eller annat s\u00e4tt ber\u00f6r musiken. Kungl. Musikaliska Akademien inleder serien den 20 februari med ett seminarium p\u00e5 temat &#8221;Kungl. Musikaliska Akademien och musikens skilda omr\u00e5den&#8221; [&hellip;]<\/p>\n","protected":false},"author":1,"featured_media":420,"comment_status":"open","ping_status":"open","sticky":false,"template":"","format":"standard","meta":{"footnotes":""},"categories":[12],"tags":[],"cactus_badges":[],"video-series":[],"class_list":{"0":"post-418","1":"post","2":"type-post","3":"status-publish","4":"format-standard","5":"has-post-thumbnail","7":"category-kungl-musikaliska-akademien"},"_links":{"self":[{"href":"https:\/\/www.kulturmolnet.se\/play\/wp-json\/wp\/v2\/posts\/418","targetHints":{"allow":["GET"]}}],"collection":[{"href":"https:\/\/www.kulturmolnet.se\/play\/wp-json\/wp\/v2\/posts"}],"about":[{"href":"https:\/\/www.kulturmolnet.se\/play\/wp-json\/wp\/v2\/types\/post"}],"author":[{"embeddable":true,"href":"https:\/\/www.kulturmolnet.se\/play\/wp-json\/wp\/v2\/users\/1"}],"replies":[{"embeddable":true,"href":"https:\/\/www.kulturmolnet.se\/play\/wp-json\/wp\/v2\/comments?post=418"}],"version-history":[{"count":1,"href":"https:\/\/www.kulturmolnet.se\/play\/wp-json\/wp\/v2\/posts\/418\/revisions"}],"predecessor-version":[{"id":419,"href":"https:\/\/www.kulturmolnet.se\/play\/wp-json\/wp\/v2\/posts\/418\/revisions\/419"}],"wp:featuredmedia":[{"embeddable":true,"href":"https:\/\/www.kulturmolnet.se\/play\/wp-json\/wp\/v2\/media\/420"}],"wp:attachment":[{"href":"https:\/\/www.kulturmolnet.se\/play\/wp-json\/wp\/v2\/media?parent=418"}],"wp:term":[{"taxonomy":"category","embeddable":true,"href":"https:\/\/www.kulturmolnet.se\/play\/wp-json\/wp\/v2\/categories?post=418"},{"taxonomy":"post_tag","embeddable":true,"href":"https:\/\/www.kulturmolnet.se\/play\/wp-json\/wp\/v2\/tags?post=418"},{"taxonomy":"cactus_badges","embeddable":true,"href":"https:\/\/www.kulturmolnet.se\/play\/wp-json\/wp\/v2\/cactus_badges?post=418"},{"taxonomy":"video-series","embeddable":true,"href":"https:\/\/www.kulturmolnet.se\/play\/wp-json\/wp\/v2\/video-series?post=418"}],"curies":[{"name":"wp","href":"https:\/\/api.w.org\/{rel}","templated":true}]}}