{"id":454,"date":"2020-07-30T23:21:00","date_gmt":"2020-07-30T21:21:00","guid":{"rendered":"https:\/\/www.kulturmolnet.se\/play\/?p=454"},"modified":"2025-09-20T23:22:30","modified_gmt":"2025-09-20T21:22:30","slug":"tematisk-oppningskonsert-onaturliga-variationer","status":"publish","type":"post","link":"https:\/\/www.kulturmolnet.se\/play\/tematisk-oppningskonsert-onaturliga-variationer\/","title":{"rendered":"TEMATISK \u00d6PPNINGSKONSERT: (O)NATURLIGA VARIATIONER"},"content":{"rendered":"<p>M\u00e4nniskans inverkan p\u00e5 Jordens tillst\u00e5nd var l\u00e4nge f\u00f6rsumbar men sedan den industriella revolutionen har effekterna av v\u00e5r framfart \u00f6kat exponentiellt. Massutrotning av arter, klimatf\u00f6r\u00e4ndringar och ett \u00f6verutnyttjande av naturresurser har lett till att vi idag talar om Antropocen, en ny geologisk epok d\u00e4r m\u00e4nniskan \u00e4r den drivande faktorn.<\/p>\n<p>\u00d6ppningskonserten tar avstamp i Beethovens 6e symfoni, hans storslagna hyllning till naturen d\u00e4r han med m\u00e5lande titlar leder oss vidare mot Debussys poetiska verk om sjunkna v\u00e4rldar. I Andrea Tarrodis 2a str\u00e5kkvartett stiftar vi bekantskap med den biologiska m\u00e5ngfalden i form av ett bes\u00f6k i f\u00e5gelriket. Efter paus g\u00e5r startskottet f\u00f6r J\u00e4rna Festival Academys samarbete med Jacob M\u00fchlrad. Inspirerad av festivalens tematik har Jacob skapat fem korta stycken f\u00f6r festivalens tematiska konserter och p\u00e5 avslutningskonserten f\u00e5r vi h\u00f6ra dem alla, d\u00e5 i formen av en svit. \u00d6ppningskonserten avslutas med Sjostakovitjs andra pianotrio, ett verk som komponerades under andra v\u00e4rldskriget och f\u00f6r tankarna till m\u00e4nniskans grymhet men ocks\u00e5 naturens sk\u00f6nhet.<\/p>\n<p>PROGRAM:<\/p>\n<p>0:30:56<br \/>\nJ M\u00fchlrad Tefila (sats 1) 2\u2032<br \/>\nCecilia Zilliacus, \u00d8yvor Volle \u2013 violin, Vicki Powell, Emma Nyman \u2013 viola, Jakob Koranyi, Johannes Rostamo \u2013 violoncell<\/p>\n<p>0:32:16<br \/>\nL van Beethoven Symfoni nr 6 \u00a8Pastoralsymfonin\u00a8 i arrangemang f\u00f6r str\u00e5ksextett 12\u2032<br \/>\nAllegro ma non troppo (Erwachen heiterer Empfindungen bei der Ankunft auf dem Lande)<br \/>\n\u00d8yvor Volle, Cecilia Zilliacus \u2013 violin, Vicki Powell, Emma Nyman \u2013 viola, Johannes Rostamo, Jakob Koranyi \u2013 violoncell<\/p>\n<p>0:47:09<br \/>\n\u201cSO MANY THINGS\u201d 10\u2019<br \/>\nJohn Adams Am I in Your Light<br \/>\nCaroline Shaw Cant voi l\u2019aube<br \/>\nElvis Costello \u2013 The birds will still be singing<br \/>\nKate Bush Pi<br \/>\nAnne Sofie von Otter \u2013 s\u00e5ng, \u00d8yvor Volle, Ylva Larsdotter \u2013 violin, Vicki Powell \u2013 viola, Johannes Rostamo \u2013 violoncell<\/p>\n<p>1:13:30<br \/>\nA Tarrodi Str\u00e5kkvartett nr 2 Madardal 17\u2032<br \/>\nCecilia Zilliacus, \u00d8yvor Volle \u2013 violin, Vicki Powell \u2013 viola, Johannes Rostamo \u2013 violoncell<\/p>\n<p>1:33:42<br \/>\n\u2013 PAUS \u2013 Studiosamtal: Camilla Lundberg <\/p>\n<p>1:47:55<br \/>\nC Debussy Cath\u00e9drale engloutie 7\u2032<br \/>\nPeter Friis Johansson \u2013 piano<\/p>\n<p>1:59:06<br \/>\nD Sjostakovitj Pianotrio no 2 27\u2032<br \/>\nAndante<br \/>\nAllegro con brio<br \/>\nLargo<br \/>\nAllegretto<br \/>\nCecilia Zilliacus \u2013 violin, Jakob Koranyi \u2013 violoncell, Simon Crawford-Phillips \u2013 piano<\/p>\n","protected":false},"excerpt":{"rendered":"<p>M\u00e4nniskans inverkan p\u00e5 Jordens tillst\u00e5nd var l\u00e4nge f\u00f6rsumbar men sedan den industriella revolutionen har effekterna av v\u00e5r framfart \u00f6kat exponentiellt. Massutrotning av arter, klimatf\u00f6r\u00e4ndringar och ett \u00f6verutnyttjande av naturresurser har lett till att vi idag talar om Antropocen, en ny geologisk epok d\u00e4r m\u00e4nniskan \u00e4r den drivande faktorn. \u00d6ppningskonserten tar avstamp i Beethovens 6e symfoni, [&hellip;]<\/p>\n","protected":false},"author":1,"featured_media":456,"comment_status":"open","ping_status":"open","sticky":false,"template":"","format":"standard","meta":{"footnotes":""},"categories":[17],"tags":[],"cactus_badges":[],"video-series":[],"class_list":{"0":"post-454","1":"post","2":"type-post","3":"status-publish","4":"format-standard","5":"has-post-thumbnail","7":"category-jarna-festival-academy"},"_links":{"self":[{"href":"https:\/\/www.kulturmolnet.se\/play\/wp-json\/wp\/v2\/posts\/454","targetHints":{"allow":["GET"]}}],"collection":[{"href":"https:\/\/www.kulturmolnet.se\/play\/wp-json\/wp\/v2\/posts"}],"about":[{"href":"https:\/\/www.kulturmolnet.se\/play\/wp-json\/wp\/v2\/types\/post"}],"author":[{"embeddable":true,"href":"https:\/\/www.kulturmolnet.se\/play\/wp-json\/wp\/v2\/users\/1"}],"replies":[{"embeddable":true,"href":"https:\/\/www.kulturmolnet.se\/play\/wp-json\/wp\/v2\/comments?post=454"}],"version-history":[{"count":1,"href":"https:\/\/www.kulturmolnet.se\/play\/wp-json\/wp\/v2\/posts\/454\/revisions"}],"predecessor-version":[{"id":455,"href":"https:\/\/www.kulturmolnet.se\/play\/wp-json\/wp\/v2\/posts\/454\/revisions\/455"}],"wp:featuredmedia":[{"embeddable":true,"href":"https:\/\/www.kulturmolnet.se\/play\/wp-json\/wp\/v2\/media\/456"}],"wp:attachment":[{"href":"https:\/\/www.kulturmolnet.se\/play\/wp-json\/wp\/v2\/media?parent=454"}],"wp:term":[{"taxonomy":"category","embeddable":true,"href":"https:\/\/www.kulturmolnet.se\/play\/wp-json\/wp\/v2\/categories?post=454"},{"taxonomy":"post_tag","embeddable":true,"href":"https:\/\/www.kulturmolnet.se\/play\/wp-json\/wp\/v2\/tags?post=454"},{"taxonomy":"cactus_badges","embeddable":true,"href":"https:\/\/www.kulturmolnet.se\/play\/wp-json\/wp\/v2\/cactus_badges?post=454"},{"taxonomy":"video-series","embeddable":true,"href":"https:\/\/www.kulturmolnet.se\/play\/wp-json\/wp\/v2\/video-series?post=454"}],"curies":[{"name":"wp","href":"https:\/\/api.w.org\/{rel}","templated":true}]}}